[{"@context":"https:\/\/schema.org\/","@type":"Article","@id":"https:\/\/www.koeko.cz\/zpusobuje-ockovani-autismus\/#Article","mainEntityOfPage":"https:\/\/www.koeko.cz\/zpusobuje-ockovani-autismus\/","headline":"Zp\u016fsobuje o\u010dkov\u00e1n\u00ed autismus?","name":"Zp\u016fsobuje o\u010dkov\u00e1n\u00ed autismus?","description":"Pokud alespo\u0148 trochu sledujete skupiny, kter\u00e9 jsou proti o\u010dkov\u00e1n\u00ed, m\u016f\u017eete si v\u0161imnout, \u017ee jedn\u00edm z\u00a0\u010dasto opakovan\u00fdch argument\u016f je ten, \u017ee o\u010dkov\u00e1n\u00ed zp\u016fsobuje autismus. Toto tvrzen\u00ed je mezi t\u011bmito lidmi skute\u010dn\u011b &hellip; ","datePublished":"2023-02-26","dateModified":"2023-02-26","author":{"@type":"Person","@id":"https:\/\/www.koeko.cz\/author\/#Person","name":"","url":"https:\/\/www.koeko.cz\/author\/","identifier":1,"image":{"@type":"ImageObject","@id":"https:\/\/secure.gravatar.com\/avatar\/3c4e99fa9a9806cd5e8fd7cac6ca73ff5bbf5f3ee309e1745415eebd31482909?s=96&d=mm&r=g","url":"https:\/\/secure.gravatar.com\/avatar\/3c4e99fa9a9806cd5e8fd7cac6ca73ff5bbf5f3ee309e1745415eebd31482909?s=96&d=mm&r=g","height":96,"width":96}},"publisher":{"@type":"Organization","name":"koeko.cz","logo":{"@type":"ImageObject","@id":"\/logo.png","url":"\/logo.png","width":600,"height":60}},"image":{"@type":"ImageObject","@id":"https:\/\/www.koeko.cz\/wp-content\/uploads\/ockovani2_2.jpg","url":"https:\/\/www.koeko.cz\/wp-content\/uploads\/ockovani2_2.jpg","height":0,"width":0},"url":"https:\/\/www.koeko.cz\/zpusobuje-ockovani-autismus\/","about":["V\u011bda"],"wordCount":429,"articleBody":"Pokud alespo\u0148 trochu sledujete skupiny, kter\u00e9 jsou proti o\u010dkov\u00e1n\u00ed, m\u016f\u017eete si v\u0161imnout, \u017ee jedn\u00edm z\u00a0\u010dasto opakovan\u00fdch argument\u016f je ten, \u017ee o\u010dkov\u00e1n\u00ed zp\u016fsobuje autismus. Toto tvrzen\u00ed je mezi t\u011bmito lidmi skute\u010dn\u011b \u0161iroce roz\u0161\u00ed\u0159en\u00e9, a tak je na m\u00edst\u011b se pt\u00e1t, zda na n\u011bm p\u0159eci jen nem\u016f\u017ee b\u00fdt n\u011bco pravdy.\u00a0Nejprve je dobr\u00e9 se pod\u00edvat, kde se toto tvrzen\u00ed vzalo. Jedn\u00e1 se o studii, provedenou v\u00a0osmdes\u00e1t\u00fdch letech, kter\u00e1 dokazovala korelaci mezi o\u010dkov\u00e1n\u00edm a zv\u00fd\u0161en\u00fdm po\u010dtem diagnostikovan\u00fdch autist\u016f. To sta\u010dilo k\u00a0tomu, aby bylo mnoho lid\u00ed p\u0159esv\u011bd\u010deno, \u017ee vakc\u00edny jsou nebezpe\u010dn\u00e9. Koneckonc\u016f, bylo to prok\u00e1z\u00e1no studi\u00ed, ne?\u00a0\u00a0Laikovi by takov\u00fdto d\u016fkaz mohl sta\u010dit, a v\u00a0mnoha p\u0159\u00edpadech tak\u00e9 sta\u010d\u00ed. Ov\u0161em kdy\u017e se na cel\u00fd p\u0159\u00edpad pod\u00edv\u00e1me trochu bl\u00ed\u017ee, zjist\u00edme, \u017ee situace nen\u00ed ani zdaleka takov\u00e1, jak se na prvn\u00ed pohled m\u016f\u017ee zd\u00e1t. Je zde toti\u017e hned n\u011bkolik probl\u00e9m\u016f.\u00a0T\u00edm hlavn\u00edm je, \u017ee v\u00fdsledky t\u00e9to studie nikdy nebyly potvrzeny, a to ani v\u00a0opakovan\u00fdch studi\u00edch. Naopak, bylo prok\u00e1z\u00e1no, \u017ee mezi o\u010dkov\u00e1n\u00edm a autismem \u017e\u00e1dn\u00e1 spojitost nen\u00ed. Ona p\u016fvodn\u00ed studie m\u011bla chyby v\u00a0metodologii, kter\u00e9 byly pozd\u011bji prok\u00e1z\u00e1ny.\u00a0Ov\u0161em je zde i dal\u0161\u00ed fakt. T\u00edm je skute\u010dnost, \u017ee jako v\u0161e ostatn\u00ed, i vakc\u00edny se postupn\u011b vyv\u00edj\u00ed. M\u00e1me st\u00e1le lep\u0161\u00ed a \u00fa\u010dinn\u011bj\u0161\u00ed l\u00e1tky, vynal\u00e9z\u00e1me nov\u00e9 metody. V\u00a0naprost\u00e9 v\u011bt\u0161in\u011b p\u0159\u00edpad\u016f se dne\u0161n\u00ed o\u010dkovac\u00ed l\u00e1tky li\u0161\u00ed od t\u011bch, kter\u00e9 byly pou\u017e\u00edv\u00e1ny v\u00a0dob\u011b p\u016fvodn\u00ed studie. I kdyby tedy byla pravdiv\u00e1, byla by dnes stejn\u011b irelevantn\u00ed.\u00a0\u00a0V\u00a0neposledn\u00ed \u0159ad\u011b se mus\u00edme zamyslet nad t\u00edm, pro\u010d by, pokud by tomu tak bylo, s\u00a0t\u00edm nikdo nic ned\u011blal. Ka\u017ed\u00e1 spole\u010dnost pot\u0159ebuje, aby co nejv\u011bt\u0161\u00ed \u010d\u00e1st populace byla zdrav\u00e1 a pr\u00e1ceschopn\u00e1. To velmi dob\u0159e v\u011bd\u00ed i vl\u00e1dy. \u00damysln\u00e9 roz\u0161i\u0159ov\u00e1n\u00ed autismu by tedy bylo kontraproduktivn\u00ed.\u00a0Je tedy jasn\u00e9, \u017ee se jedn\u00e1 o zastaralou teorii, kter\u00e1 se nakonec uk\u00e1zala jako nepravdiv\u00e1. Samoz\u0159ejm\u011b, o\u010dkov\u00e1n\u00ed m\u016f\u017ee m\u00edt ne\u017e\u00e1douc\u00ed vedlej\u0161\u00ed \u00fa\u010dinky, av\u0161ak ty se projevuj\u00ed jen v\u00a0mal\u00e9m procentu p\u0159\u00edpad\u016f, a benefity je v\u00edce ne\u017e kompenzuj\u00ed.                                                                                                                                                                                                                                                                                                                                                                                        5\/5 - (2 votes)        "},{"@context":"https:\/\/schema.org\/","@type":"BreadcrumbList","itemListElement":[{"@type":"ListItem","position":1,"name":"Zp\u016fsobuje o\u010dkov\u00e1n\u00ed autismus?","item":"https:\/\/www.koeko.cz\/zpusobuje-ockovani-autismus\/#breadcrumbitem"}]}]