[{"@context":"https:\/\/schema.org\/","@type":"Article","@id":"https:\/\/www.koeko.cz\/vyhody-pronajmu-vozu-z-nejlevnejsi-autopujcovny-v-praze\/#Article","mainEntityOfPage":"https:\/\/www.koeko.cz\/vyhody-pronajmu-vozu-z-nejlevnejsi-autopujcovny-v-praze\/","headline":"V\u00fdhody pron\u00e1jmu vozu z nejlevn\u011bj\u0161\u00ed autop\u016fj\u010dovny v Praze","name":"V\u00fdhody pron\u00e1jmu vozu z nejlevn\u011bj\u0161\u00ed autop\u016fj\u010dovny v Praze","description":"Dlouhodob\u00e9 i kr\u00e1tkodob\u00e9 pron\u00e1jmy Autop\u016fj\u010dovny dnes prosperuj\u00ed d\u00edky z\u00e1jmu klient\u016f, kte\u0159\u00ed s\u00e1z\u00ed na jejich v\u00fdhody. Ty jsou p\u0159edev\u0161\u00edm ekonomick\u00e9 a z\u00e1rove\u0148 psychologick\u00e9. V dne\u0161n\u00ed dob\u011b se toti\u017e n\u011bkter\u00fdm lidem nevypl\u00e1c\u00ed &hellip; ","datePublished":"2021-07-17","dateModified":"2023-05-07","author":{"@type":"Person","@id":"https:\/\/www.koeko.cz\/author\/#Person","name":"","url":"https:\/\/www.koeko.cz\/author\/","identifier":1,"image":{"@type":"ImageObject","@id":"https:\/\/secure.gravatar.com\/avatar\/3c4e99fa9a9806cd5e8fd7cac6ca73ff5bbf5f3ee309e1745415eebd31482909?s=96&d=mm&r=g","url":"https:\/\/secure.gravatar.com\/avatar\/3c4e99fa9a9806cd5e8fd7cac6ca73ff5bbf5f3ee309e1745415eebd31482909?s=96&d=mm&r=g","height":96,"width":96}},"publisher":{"@type":"Organization","name":"koeko.cz","logo":{"@type":"ImageObject","@id":"\/logo.png","url":"\/logo.png","width":600,"height":60}},"image":{"@type":"ImageObject","@id":"https:\/\/www.koeko.cz\/wp-content\/uploads\/provoz%20na%20d%C3%A1lnici_10_5.jpg","url":"https:\/\/www.koeko.cz\/wp-content\/uploads\/provoz%20na%20d%C3%A1lnici_10_5.jpg","height":0,"width":0},"url":"https:\/\/www.koeko.cz\/vyhody-pronajmu-vozu-z-nejlevnejsi-autopujcovny-v-praze\/","about":["Spole\u010dnosti"],"wordCount":411,"articleBody":"     Dlouhodob\u00e9 i kr\u00e1tkodob\u00e9 pron\u00e1jmyAutop\u016fj\u010dovny dnes prosperuj\u00ed d\u00edky z\u00e1jmu klient\u016f, kte\u0159\u00ed s\u00e1z\u00ed na jejich v\u00fdhody. Ty jsou p\u0159edev\u0161\u00edm ekonomick\u00e9 a z\u00e1rove\u0148 psychologick\u00e9. V dne\u0161n\u00ed dob\u011b se toti\u017e n\u011bkter\u00fdm lidem nevypl\u00e1c\u00ed koup\u011b vlastn\u00edho vozidla vzhledem k neust\u00e1l\u00fdm platb\u00e1m a starostem spojen\u00fdm se servisov\u00e1n\u00edm vozu, pravideln\u00fdmi technick\u00fdmi prohl\u00eddkami a platbami povinn\u00e9ho ru\u010den\u00ed.Psychologick\u00e9 hledisko rovn\u011b\u017e nezanedb\u00e1vejme, jde o vnit\u0159n\u00ed chronick\u00fd stres, kdy m\u00e1te st\u00e1le p\u0159ed o\u010dima nap\u011bt\u00ed, zp\u016fsoben\u00e9 obavami o dal\u0161\u00ed n\u00e1klady v souvislosti s neo\u010dek\u00e1van\u00fdmi z\u00e1vadami. M\u00edt vlastn\u00ed automobil je zkr\u00e1tka \u201edrah\u00fd kon\u00ed\u010dek\u201c a v\u016fz se vypl\u00e1c\u00ed hlavn\u011b tam, kde na sebe vyd\u011bl\u00e1v\u00e1, tedy slou\u017e\u00ed pro nezbytn\u00e9 cesty do zam\u011bstn\u00e1n\u00ed (kdy\u017e to nejde jinak), anebo je p\u0159\u00edmo tzv. v\u00fdrobn\u00edm prost\u0159edkem, nap\u0159. u transportn\u00edch dod\u00e1vek.Kdy\u017e si propo\u010d\u00edt\u00e1te nezbytn\u00e9 n\u00e1klady na provoz vlastn\u00edho auta, kter\u00e9 vyu\u017e\u00edv\u00e1te jen ob\u010das, mo\u017en\u00e1 zjist\u00edte, \u017ee je lep\u0161\u00ed volbou kr\u00e1tkodob\u00fd \u010di del\u0161\u00ed pron\u00e1jem v nejlevn\u011bj\u0161\u00ed autop\u016fj\u010dovn\u011b Praha Autop\u016fj\u010dovna Milan. Nap\u0159\u00edklad na dovolenou, na v\u011bt\u0161\u00ed n\u00e1kupy, na sportovn\u00ed soust\u0159ed\u011bn\u00ed, oslavy atp.A kam se s autem vydat na dovolenouTeoreticky m\u016f\u017eete vycestovat i do zahrani\u010d\u00ed, ale r\u00e1di bychom v\u00e1m p\u0159ipomn\u011bli, \u017ee v \u010cesku je tak\u00e9 kr\u00e1sn\u011b, a hlavn\u011b m\u00e9n\u011b komplikac\u00ed v souvislosti s opat\u0159en\u00edmi kv\u016fli \u0161\u00ed\u0159en\u00ed koronaviru. M\u016f\u017eete se s v\u00fdjimkou nouzov\u00e9ho stavu pohybovat po silnic\u00edch prakticky bez omezen\u00ed, a pokud se v\u00e1m poda\u0159\u00ed zajistit rozumn\u00e9 ubytov\u00e1n\u00ed v soukrom\u00ed, mohou b\u00fdt va\u0161e dny volna poklidn\u00e9 a pohodov\u00e9.V \u010cesku je cel\u00e1 \u0159ada p\u0159\u00edrodn\u00edch koupali\u0161\u0165, sj\u00edzdn\u00fdch \u0159ek na raftech \u010di k\u00e1no\u00edch, horsk\u00fdch ter\u00e9n\u016f, pahorkatin a romantick\u00fdch scen\u00e9ri\u00ed s kr\u00e1sn\u00fdmi v\u00fdhledy do krajiny. Sta\u010d\u00ed zalistovat v pap\u00edrov\u00e9 nebo elektronick\u00e9 turistick\u00e9 map\u011b a v ka\u017ed\u00e9m kraji objev\u00edte prost\u0159ed\u00ed, kter\u00e9 by st\u00e1lo alespo\u0148 za \u00favahu. A pokud se vyh\u00fdb\u00e1te dav\u016fm turist\u016f a m\u00e1te rad\u011bji v\u00edce soukrom\u00ed, vyb\u00edrejte si dovolenou na konci srpna, na za\u010d\u00e1tku z\u00e1\u0159\u00ed nebo v druh\u00e9 polovin\u011b \u010dervna.                                                                                                                                                                                                                                                                                                                                                                                          4.2\/5 - (5 votes)        "},{"@context":"https:\/\/schema.org\/","@type":"BreadcrumbList","itemListElement":[{"@type":"ListItem","position":1,"name":"V\u00fdhody pron\u00e1jmu vozu z nejlevn\u011bj\u0161\u00ed autop\u016fj\u010dovny v Praze","item":"https:\/\/www.koeko.cz\/vyhody-pronajmu-vozu-z-nejlevnejsi-autopujcovny-v-praze\/#breadcrumbitem"}]}]