[{"@context":"https:\/\/schema.org\/","@type":"Article","@id":"https:\/\/www.koeko.cz\/s-nasi-profesionalni-vybavou-se-teste-na-profesionalni-praci\/#Article","mainEntityOfPage":"https:\/\/www.koeko.cz\/s-nasi-profesionalni-vybavou-se-teste-na-profesionalni-praci\/","headline":"S na\u0161\u00ed profesion\u00e1ln\u00ed v\u00fdbavou se t\u011b\u0161te na profesion\u00e1ln\u00ed pr\u00e1ci","name":"S na\u0161\u00ed profesion\u00e1ln\u00ed v\u00fdbavou se t\u011b\u0161te na profesion\u00e1ln\u00ed pr\u00e1ci","description":"Vybaven\u00ed servisu, kter\u00e9 na prvn\u00ed pohled vytv\u00e1\u0159\u00ed dojem v\u00fdrazn\u011b d\u016fmysln\u00e9ho propracov\u00e1n\u00ed, se postar\u00e1 o dokonal\u00e9 z\u00e1zem\u00ed pro uchycen\u00ed motocyklu, \u010dty\u0159kolky i t\u0159\u00edkolky v po\u017eadovan\u00e9 poloze, je\u017e je nezbytn\u011b nutn\u00e1 k &hellip; ","datePublished":"2024-04-01","dateModified":"2024-04-01","author":{"@type":"Person","@id":"https:\/\/www.koeko.cz\/author\/#Person","name":"","url":"https:\/\/www.koeko.cz\/author\/","identifier":1,"image":{"@type":"ImageObject","@id":"https:\/\/secure.gravatar.com\/avatar\/3c4e99fa9a9806cd5e8fd7cac6ca73ff5bbf5f3ee309e1745415eebd31482909?s=96&d=mm&r=g","url":"https:\/\/secure.gravatar.com\/avatar\/3c4e99fa9a9806cd5e8fd7cac6ca73ff5bbf5f3ee309e1745415eebd31482909?s=96&d=mm&r=g","height":96,"width":96}},"publisher":{"@type":"Organization","name":"koeko.cz","logo":{"@type":"ImageObject","@id":"\/logo.png","url":"\/logo.png","width":600,"height":60}},"url":"https:\/\/www.koeko.cz\/s-nasi-profesionalni-vybavou-se-teste-na-profesionalni-praci\/","wordCount":193,"articleBody":"Vybaven\u00ed servisu, kter\u00e9 na prvn\u00ed pohled vytv\u00e1\u0159\u00ed dojem v\u00fdrazn\u011b d\u016fmysln\u00e9ho propracov\u00e1n\u00ed, se postar\u00e1 o dokonal\u00e9 z\u00e1zem\u00ed pro uchycen\u00ed motocyklu, \u010dty\u0159kolky i t\u0159\u00edkolky v po\u017eadovan\u00e9 poloze, je\u017e je nezbytn\u011b nutn\u00e1 k proveden\u00ed mont\u00e1\u017en\u00edho \u00fakonu. Vybaven\u00ed servisu zajist\u00ed ve Va\u0161\u00ed motod\u00edln\u011b prostor a pohodl\u00ed. Pojist\u011bte si ho n\u00e1kupem hever\u016f, z\u00e1v\u011bsn\u00fdch ramen, je\u0159\u00e1b\u016f, modul\u016f pro uchycen\u00ed p\u0159edn\u00edho kola, n\u00e1jezdov\u00fdch ramp a pneumatick\u00fdch, nebo hydraulick\u00fdch stol\u016f na adrese ov\u011b\u0159en\u00e9ho prodejce, kter\u00fd za jednotliv\u00e9 kousky i komplexn\u00ed p\u0159\u00edslu\u0161enstv\u00ed k mont\u00e1\u017en\u00edm stol\u016fm po\u017eaduje sympatick\u00e9 finan\u010dn\u00ed \u010d\u00e1stky.V\u00fdb\u011br konkr\u00e9tn\u00edch mont\u00e1\u017en\u00edch prvk\u016f je vskutku bohat\u00fdVybaven\u00ed servisu, jak\u00fdm jsou kvalitn\u00ed mont\u00e1\u017en\u00ed stoly, zalo\u017een\u00e9 na z\u00e1klad\u011b pneumatick\u00e9, nebo hydraulick\u00e9 regulace, m\u016f\u017eete na adrese specializovan\u00e9ho dodavatele francouzsk\u00fdch d\u00edl\u016f pro motoservisy nakupovat tak\u00e9 v roz\u0161\u00ed\u0159en\u00fdch verz\u00edch, kter\u00e9 pln\u011b vynahrazuj\u00ed podm\u00ednky pro servisn\u00ed pr\u00e1ce na t\u0159\u00edkolk\u00e1ch a \u010dty\u0159kolk\u00e1ch, kter\u00e9 si oproti motocyklu vy\u017eaduj\u00ed rozlehlej\u0161\u00ed mont\u00e1\u017en\u00ed prostor.                                                                                                                                                                                                                                                                                                                                                                                        4.1\/5 - (10 votes)        "},{"@context":"https:\/\/schema.org\/","@type":"BreadcrumbList","itemListElement":[{"@type":"ListItem","position":1,"name":"S na\u0161\u00ed profesion\u00e1ln\u00ed v\u00fdbavou se t\u011b\u0161te na profesion\u00e1ln\u00ed pr\u00e1ci","item":"https:\/\/www.koeko.cz\/s-nasi-profesionalni-vybavou-se-teste-na-profesionalni-praci\/#breadcrumbitem"}]}]