[{"@context":"https:\/\/schema.org\/","@type":"Article","@id":"https:\/\/www.koeko.cz\/neni-svetlo-jako-svetlo\/#Article","mainEntityOfPage":"https:\/\/www.koeko.cz\/neni-svetlo-jako-svetlo\/","headline":"Nen\u00ed sv\u011btlo jako sv\u011btlo","name":"Nen\u00ed sv\u011btlo jako sv\u011btlo","description":"Sv\u011btlo je jednou ze z\u00e1kladn\u00edch pot\u0159eb \u010dlov\u011bka pro \u017eivot. Nelze \u017e\u00edt pouze ve tm\u011b. Sv\u011btlo n\u00e1m m\u016f\u017ee ud\u00e1vat sm\u011br, n\u00e1ladu, ale t\u0159eba i zdravotn\u00ed komplikace v oblasti o\u010d\u00ed. Je opravdu &hellip; ","datePublished":"2022-03-28","dateModified":"2022-03-28","author":{"@type":"Person","@id":"https:\/\/www.koeko.cz\/author\/#Person","name":"","url":"https:\/\/www.koeko.cz\/author\/","identifier":1,"image":{"@type":"ImageObject","@id":"https:\/\/secure.gravatar.com\/avatar\/3c4e99fa9a9806cd5e8fd7cac6ca73ff5bbf5f3ee309e1745415eebd31482909?s=96&d=mm&r=g","url":"https:\/\/secure.gravatar.com\/avatar\/3c4e99fa9a9806cd5e8fd7cac6ca73ff5bbf5f3ee309e1745415eebd31482909?s=96&d=mm&r=g","height":96,"width":96}},"publisher":{"@type":"Organization","name":"koeko.cz","logo":{"@type":"ImageObject","@id":"\/logo.png","url":"\/logo.png","width":600,"height":60}},"image":{"@type":"ImageObject","@id":"https:\/\/www.koeko.cz\/wp-content\/uploads\/sv%C4%9Btlo%20skrze%20okno.jpeg","url":"https:\/\/www.koeko.cz\/wp-content\/uploads\/sv%C4%9Btlo%20skrze%20okno.jpeg","height":0,"width":0},"url":"https:\/\/www.koeko.cz\/neni-svetlo-jako-svetlo\/","about":["Spole\u010dnosti"],"wordCount":448,"articleBody":"   Sv\u011btlo je jednou ze z\u00e1kladn\u00edch pot\u0159eb \u010dlov\u011bka pro \u017eivot. Nelze \u017e\u00edt pouze ve tm\u011b. Sv\u011btlo n\u00e1m m\u016f\u017ee ud\u00e1vat sm\u011br, n\u00e1ladu, ale t\u0159eba i zdravotn\u00ed komplikace v oblasti o\u010d\u00ed. Je opravdu \u0161irok\u00e1 \u0161k\u00e1la toho, co v\u0161e sv\u011btlo dok\u00e1\u017ee ve sv\u00e9 podstat\u011b ovlivnit. Nejedn\u00e1 se o nic bezp\u0159edm\u011btn\u00e9ho, ani nepodstatn\u00e9ho, i kdy\u017e si to mo\u017en\u00e1 ani n\u011bkdy v tom \u017eivotn\u00edm shonu neuv\u011bdomujeme. Sta\u010d\u00ed, kdy\u017e je zimn\u00ed obdob\u00ed a toho skute\u010dn\u00e9ho sv\u011btla nem\u00e1me tolik, tak na sob\u011b jist\u011b pozorujeme i to, jak m\u016f\u017eeme m\u00edt jin\u00e9 my\u0161lenky, n\u00e1lady, chov\u00e1n\u00ed i denn\u00ed produkce nemus\u00ed b\u00fdt takov\u00e1 jako v letn\u00edch dnech.Sv\u011btlo zkr\u00e1tka ovliv\u0148uje cel\u00fd n\u00e1\u0161 \u017eivot a na to je pot\u0159eba myslet a neopom\u00ednat to. Je v\u00edce ne\u017e d\u016fle\u017eit\u00e9 pe\u010dovat o sv\u00e9 sv\u011btlo i doma. M\u00edt kvalitn\u00ed osv\u00edcen\u00ed a lustry, kter\u00e9 n\u00e1m mohou velice pomoci. Lustry Light4home mohou b\u00fdt v\u0161elijak\u00e9, ale m\u011bly by b\u00fdt p\u0159edev\u0161\u00edm kvalitn\u00ed. Z \u0161irok\u00e9ho sortimentu si vybere skute\u010dn\u011b ka\u017ed\u00fd bez rozd\u00edlu. Existuje opravdu mnoho druh\u016f, velikost\u00ed, barev, design\u016f i materi\u00e1l\u016f, ze kter\u00fdch lze vyb\u00edrat podle sv\u00e9ho gusta. Na v\u00fdb\u011br m\u00e1te z kovu, d\u0159eva i keramiky. Pro ka\u017ed\u00e9ho se zkr\u00e1tka hod\u00ed n\u011bco jin\u00e9ho, a hlavn\u011b i ka\u017ed\u00fd interi\u00e9r je odli\u0161n\u00fd a vy\u017eaduje n\u011bco origin\u00e1ln\u00edho a vytvo\u0159en\u00e9ho na m\u00edru. A\u0165 u\u017e pot\u0159ebujete lustr do pr\u00e1ce, do kancel\u00e1\u0159e nebo do lo\u017enice, zde si jist\u011b vyberete. Pro ka\u017edou m\u00edstnost se hod\u00ed jin\u00fd styl sv\u00edtidel, av\u0161ak nen\u00ed nic, co by se nedalo vyrobit. V\u0161e se d\u00e1 vy\u0159e\u0161it a vyhov\u011bt tak va\u0161im p\u0159\u00e1n\u00edm. Vyb\u00edrat lze z r\u016fzn\u00fdch druh\u016f od vintage, p\u0159es retro a\u017e po modern\u00ed design. Rozhodnut\u00ed je v\u017edy na v\u00e1s, ale nemus\u00edte se b\u00e1t, proto\u017ee s v\u00fdsledkem budete bez pochyby spokojeni a nad\u0161eni z\u00e1rove\u0148. Nebojte se ud\u011blat n\u011bjakou zm\u011bnu ve sv\u00e9m \u017eivot\u011b a p\u0159es\u00eddlit tak nejen na hez\u010d\u00ed a zapadaj\u00edc\u00ed kus n\u00e1bytku, ale i sv\u011btlo, kter\u00e9 v\u00e1m zajist\u00ed lep\u0161\u00ed \u017eivot. A\u0165 u\u017e v osobn\u00edm \u010di pracovn\u00edm \u017eivot\u011b, ale jist\u011b uvid\u00edte vysn\u011bn\u00e9 v\u00fdsledky, a p\u0159itom sta\u010d\u00ed tak m\u00e1lo. Ud\u011blat ten mal\u00fd krok k tomu velk\u00e9mu.                                                                                                                                                                                                                                                                                                                                                                                          4\/5 - (5 votes)        "},{"@context":"https:\/\/schema.org\/","@type":"BreadcrumbList","itemListElement":[{"@type":"ListItem","position":1,"name":"Nen\u00ed sv\u011btlo jako sv\u011btlo","item":"https:\/\/www.koeko.cz\/neni-svetlo-jako-svetlo\/#breadcrumbitem"}]}]