[{"@context":"https:\/\/schema.org\/","@type":"Article","@id":"https:\/\/www.koeko.cz\/jak-se-obleci-na-hory\/#Article","mainEntityOfPage":"https:\/\/www.koeko.cz\/jak-se-obleci-na-hory\/","headline":"Jak se obl\u00e9ci na hory?","name":"Jak se obl\u00e9ci na hory?","description":"Takovou dovolenou v hor\u00e1ch opravdu nen\u00ed radno podce\u0148ovat. Vy\u017eaduje pon\u011bkud v\u00edce p\u0159\u00edprav ne\u017e letn\u00ed dovolen\u00e1, ale milovn\u00edky hor, zimn\u00edho po\u010das\u00ed a zimn\u00edch sport\u016f \u017e\u00e1dn\u00e1 p\u0159\u00edprava neodrad\u00ed od toho, aby si &hellip; ","datePublished":"2022-07-08","dateModified":"2022-07-08","author":{"@type":"Person","@id":"https:\/\/www.koeko.cz\/author\/#Person","name":"","url":"https:\/\/www.koeko.cz\/author\/","identifier":1,"image":{"@type":"ImageObject","@id":"https:\/\/secure.gravatar.com\/avatar\/3c4e99fa9a9806cd5e8fd7cac6ca73ff5bbf5f3ee309e1745415eebd31482909?s=96&d=mm&r=g","url":"https:\/\/secure.gravatar.com\/avatar\/3c4e99fa9a9806cd5e8fd7cac6ca73ff5bbf5f3ee309e1745415eebd31482909?s=96&d=mm&r=g","height":96,"width":96}},"publisher":{"@type":"Organization","name":"koeko.cz","logo":{"@type":"ImageObject","@id":"\/logo.png","url":"\/logo.png","width":600,"height":60}},"image":{"@type":"ImageObject","@id":"https:\/\/www.koeko.cz\/wp-content\/uploads\/pexels-flo-maderebner-869258.jpg","url":"https:\/\/www.koeko.cz\/wp-content\/uploads\/pexels-flo-maderebner-869258.jpg","height":0,"width":0},"url":"https:\/\/www.koeko.cz\/jak-se-obleci-na-hory\/","wordCount":438,"articleBody":"   Takovou dovolenou v hor\u00e1ch opravdu nen\u00ed radno podce\u0148ovat. Vy\u017eaduje pon\u011bkud v\u00edce p\u0159\u00edprav ne\u017e letn\u00ed dovolen\u00e1, ale milovn\u00edky hor, zimn\u00edho po\u010das\u00ed a zimn\u00edch sport\u016f \u017e\u00e1dn\u00e1 p\u0159\u00edprava neodrad\u00ed od toho, aby si svoji dovolenou u\u017eili naplno. Pobyt v hor\u00e1ch nen\u00ed radno podce\u0148ovat nejen co se t\u00fdk\u00e1 va\u0161eho oble\u010den\u00ed, ale i ostatn\u00edch v\u011bc\u00ed. Hory  https:\/\/www.chorvatsko.cz\/obec\/hory.html jsou zr\u00e1dn\u00e9 a pro neznal\u00e9ho \u010dlov\u011bka mohou b\u00fdt i nebezpe\u010dn\u00e9. V\u017edy u sebe noste mobiln\u00ed telefon. Ujist\u011bte se, \u017ee m\u00e1te plnou baterii, ne\u017e vyraz\u00edte do p\u0159\u00edrody. D\u00e1le se v\u00e1m bude hodit l\u00e9k\u00e1rni\u010dka, j\u00eddlo, pit\u00ed, baterka a mapa. P\u0159ed v\u00fdletem v hor\u00e1ch si d\u016fkladn\u011b napl\u00e1nujte, kudy p\u016fjdete a prozkoumejte ter\u00e9n alespo\u0148 podle mapy. Pak budete m\u00edt men\u0161\u00ed \u0161anci, \u017ee v\u00e1s ter\u00e9n p\u0159ekvap\u00ed svou nep\u0159\u00edstupnost\u00ed.Co se oble\u010den\u00ed t\u00fd\u010de, hodn\u011b z\u00e1le\u017e\u00ed na tom, jak\u00e9 aktivit\u011b se hodl\u00e1te v\u011bnovat. Jinak se oble\u010dete na b\u011b\u017eky, jinak na ly\u017eov\u00e1n\u00ed a jinak na klidnou proch\u00e1zku horsk\u00fdm okol\u00edm. Ka\u017edop\u00e1dn\u011b nezapome\u0148te na kvalitn\u00ed termo pr\u00e1dlo. Pot\u00e9 na sebe navl\u00e9kn\u011bte vrstvy oble\u010den\u00ed, kter\u00e9 v\u00e1s budou h\u0159\u00e1t, co\u017e m\u016f\u017ee b\u00fdt svetr, mikina, tepl\u00e9 kalhoty a podobn\u011b. Posledn\u00ed vrstva by m\u011bla tvo\u0159it vrstvu z nepromokav\u00fdch materi\u00e1l\u016f. V zimn\u00edm po\u010das\u00ed se v\u00e1m oble\u010den\u00ed snadno zm\u00e1\u010d\u00ed, sta\u010d\u00ed jen, aby za\u010dalo sn\u011b\u017eit. Proto je d\u016fle\u017eit\u00e9 nepromokav\u00e1 vrstva oble\u010den\u00ed, kter\u00e1 udr\u017e\u00ed v suchu v\u00e1s i ostatn\u00ed vrstvy, kter\u00e9 m\u00e1te na sob\u011b. B\u00fdt v promo\u010den\u00e9m oble\u010den\u00ed v zimn\u00edm prost\u0159ed\u00ed hor opravdu nen\u00ed dobr\u00fd n\u00e1pad a mohli byste skon\u010dit p\u0159inejlep\u0161\u00edm s po\u0159\u00e1dn\u00fdm nachlazen\u00edm. Pro jistotu si p\u0159idejte ke sv\u00fdm v\u011bcem i jednu n\u00e1hradn\u00ed vrstvu oble\u010den\u00ed, nejl\u00e9pe v nepromokav\u00e9m s\u00e1\u010dku, abyste m\u011bli jistotu, \u017ee z\u016fstane such\u00e1.Hled\u00e1te vhodn\u00e9 vybaven\u00ed na horsk\u00e9 proch\u00e1zky? Oble\u010den\u00ed Didriksons https:\/\/www.c-store.cz\/DIDRIKSONS1913-c134_0_1.htm nab\u00edz\u00ed \u0161v\u00e9dskou m\u00f3du vhodnou i do velk\u00fdch mraz\u016f. Toto oble\u010den\u00ed je nav\u00edc skv\u011bl\u00e9 pro va\u0161e d\u011bti, jeliko\u017e sta\u010d\u00ed vyp\u00e1rat jedin\u00fd \u0161ev, a r\u00e1zem m\u00e1te oble\u010den\u00ed o velikost v\u011bt\u0161\u00ed. Tak\u017ee oble\u010den\u00ed poroste spole\u010dn\u011b s va\u0161imi d\u011btmi.                                                                                                                                                                                                                                                                                                                                                                                          4.5\/5 - (6 votes)        "},{"@context":"https:\/\/schema.org\/","@type":"BreadcrumbList","itemListElement":[{"@type":"ListItem","position":1,"name":"Jak se obl\u00e9ci na hory?","item":"https:\/\/www.koeko.cz\/jak-se-obleci-na-hory\/#breadcrumbitem"}]}]