{"@context":"https:\/\/schema.org\/","@type":"CollectionPage","@id":"https:\/\/www.koeko.cz\/domov\/#CollectionPage","headline":"Domov Category","description":"","url":"https:\/\/www.koeko.cz\/domov\/","hasPart":[{"@type":"Article","@id":"https:\/\/www.koeko.cz\/tepelna-izolace-z-expandovaneho-korku-prirodni-alternativa-ke-styroporu\/","headline":"Tepeln\u00e1 izolace z expandovan\u00e9ho korku \u2013 p\u0159\u00edrodn\u00ed alternativa ke styroporu","url":"https:\/\/www.koeko.cz\/tepelna-izolace-z-expandovaneho-korku-prirodni-alternativa-ke-styroporu\/","datePublished":"2025-02-11","dateModified":"2025-09-03","mainEntityOfPage":"https:\/\/www.koeko.cz\/tepelna-izolace-z-expandovaneho-korku-prirodni-alternativa-ke-styroporu\/","author":{"@type":"Person","@id":"https:\/\/www.koeko.cz\/author\/#Person","name":"","url":"https:\/\/www.koeko.cz\/author\/","identifier":1,"image":{"@type":"ImageObject","@id":"https:\/\/secure.gravatar.com\/avatar\/3c4e99fa9a9806cd5e8fd7cac6ca73ff5bbf5f3ee309e1745415eebd31482909?s=96&d=mm&r=g","url":"https:\/\/secure.gravatar.com\/avatar\/3c4e99fa9a9806cd5e8fd7cac6ca73ff5bbf5f3ee309e1745415eebd31482909?s=96&d=mm&r=g","height":96,"width":96}},"publisher":{"@type":"Organization","name":"koeko.cz","logo":{"@type":"ImageObject","@id":"\/logo.png","url":"\/logo.png","width":600,"height":60}},"image":{"@type":"ImageObject","@id":"https:\/\/www.koeko.cz\/wp-content\/uploads\/korkova_izolace_YUiOz6.jpg","url":"https:\/\/www.koeko.cz\/wp-content\/uploads\/korkova_izolace_YUiOz6.jpg","height":0,"width":0},"keywords":null},{"@type":"Article","@id":"https:\/\/www.koeko.cz\/podnikani-je-nejistota\/","headline":"Podnik\u00e1n\u00ed je nejistota","url":"https:\/\/www.koeko.cz\/podnikani-je-nejistota\/","datePublished":"2022-08-15","dateModified":"2022-08-15","mainEntityOfPage":"https:\/\/www.koeko.cz\/podnikani-je-nejistota\/","author":{"@type":"Person","@id":"https:\/\/www.koeko.cz\/author\/#Person","name":"","url":"https:\/\/www.koeko.cz\/author\/","identifier":1,"image":{"@type":"ImageObject","@id":"https:\/\/secure.gravatar.com\/avatar\/3c4e99fa9a9806cd5e8fd7cac6ca73ff5bbf5f3ee309e1745415eebd31482909?s=96&d=mm&r=g","url":"https:\/\/secure.gravatar.com\/avatar\/3c4e99fa9a9806cd5e8fd7cac6ca73ff5bbf5f3ee309e1745415eebd31482909?s=96&d=mm&r=g","height":96,"width":96}},"publisher":{"@type":"Organization","name":"koeko.cz","logo":{"@type":"ImageObject","@id":"\/logo.png","url":"\/logo.png","width":600,"height":60}},"image":{"@type":"ImageObject","@id":"https:\/\/www.koeko.cz\/wp-content\/uploads\/dv%C4%9B%20mince_10_10_3.jpg","url":"https:\/\/www.koeko.cz\/wp-content\/uploads\/dv%C4%9B%20mince_10_10_3.jpg","height":0,"width":0},"keywords":null},{"@type":"Article","@id":"https:\/\/www.koeko.cz\/vyroba-mobilnich-domu-pocita-i-s-vasim-celorocnim-pobytem\/","headline":"V\u00fdroba mobiln\u00edch dom\u016f po\u010d\u00edt\u00e1 i s va\u0161\u00edm celoro\u010dn\u00edm pobytem","url":"https:\/\/www.koeko.cz\/vyroba-mobilnich-domu-pocita-i-s-vasim-celorocnim-pobytem\/","datePublished":"2021-07-31","dateModified":"2023-05-07","mainEntityOfPage":"https:\/\/www.koeko.cz\/vyroba-mobilnich-domu-pocita-i-s-vasim-celorocnim-pobytem\/","author":{"@type":"Person","@id":"https:\/\/www.koeko.cz\/author\/#Person","name":"","url":"https:\/\/www.koeko.cz\/author\/","identifier":1,"image":{"@type":"ImageObject","@id":"https:\/\/secure.gravatar.com\/avatar\/3c4e99fa9a9806cd5e8fd7cac6ca73ff5bbf5f3ee309e1745415eebd31482909?s=96&d=mm&r=g","url":"https:\/\/secure.gravatar.com\/avatar\/3c4e99fa9a9806cd5e8fd7cac6ca73ff5bbf5f3ee309e1745415eebd31482909?s=96&d=mm&r=g","height":96,"width":96}},"publisher":{"@type":"Organization","name":"koeko.cz","logo":{"@type":"ImageObject","@id":"\/logo.png","url":"\/logo.png","width":600,"height":60}},"image":{"@type":"ImageObject","@id":"https:\/\/www.koeko.cz\/wp-content\/uploads\/bytov%C3%BD%20interi%C3%A9r_1.jpg","url":"https:\/\/www.koeko.cz\/wp-content\/uploads\/bytov%C3%BD%20interi%C3%A9r_1.jpg","height":0,"width":0},"keywords":null},{"@type":"Article","@id":"https:\/\/www.koeko.cz\/mobilni-drevostavba-se-muze-stat-vasim-domovem\/","headline":"Mobiln\u00ed d\u0159evostavba se m\u016f\u017ee st\u00e1t va\u0161\u00edm domovem","url":"https:\/\/www.koeko.cz\/mobilni-drevostavba-se-muze-stat-vasim-domovem\/","datePublished":"2021-07-23","dateModified":"2023-05-07","mainEntityOfPage":"https:\/\/www.koeko.cz\/mobilni-drevostavba-se-muze-stat-vasim-domovem\/","author":{"@type":"Person","@id":"https:\/\/www.koeko.cz\/author\/#Person","name":"","url":"https:\/\/www.koeko.cz\/author\/","identifier":1,"image":{"@type":"ImageObject","@id":"https:\/\/secure.gravatar.com\/avatar\/3c4e99fa9a9806cd5e8fd7cac6ca73ff5bbf5f3ee309e1745415eebd31482909?s=96&d=mm&r=g","url":"https:\/\/secure.gravatar.com\/avatar\/3c4e99fa9a9806cd5e8fd7cac6ca73ff5bbf5f3ee309e1745415eebd31482909?s=96&d=mm&r=g","height":96,"width":96}},"publisher":{"@type":"Organization","name":"koeko.cz","logo":{"@type":"ImageObject","@id":"\/logo.png","url":"\/logo.png","width":600,"height":60}},"image":{"@type":"ImageObject","@id":"https:\/\/www.koeko.cz\/wp-content\/uploads\/posezen%C3%AD%20u%20p%C4%9Bkn%C3%A9%20knihy.jpg","url":"https:\/\/www.koeko.cz\/wp-content\/uploads\/posezen%C3%AD%20u%20p%C4%9Bkn%C3%A9%20knihy.jpg","height":0,"width":0},"keywords":null},{"@type":"Article","@id":"https:\/\/www.koeko.cz\/schudky-a-schudecky\/","headline":"Sch\u016fdky a sch\u016fde\u010dky","url":"https:\/\/www.koeko.cz\/schudky-a-schudecky\/","datePublished":"2021-07-08","dateModified":"2021-07-08","mainEntityOfPage":"https:\/\/www.koeko.cz\/schudky-a-schudecky\/","author":{"@type":"Person","@id":"https:\/\/www.koeko.cz\/author\/#Person","name":"","url":"https:\/\/www.koeko.cz\/author\/","identifier":1,"image":{"@type":"ImageObject","@id":"https:\/\/secure.gravatar.com\/avatar\/3c4e99fa9a9806cd5e8fd7cac6ca73ff5bbf5f3ee309e1745415eebd31482909?s=96&d=mm&r=g","url":"https:\/\/secure.gravatar.com\/avatar\/3c4e99fa9a9806cd5e8fd7cac6ca73ff5bbf5f3ee309e1745415eebd31482909?s=96&d=mm&r=g","height":96,"width":96}},"publisher":{"@type":"Organization","name":"koeko.cz","logo":{"@type":"ImageObject","@id":"\/logo.png","url":"\/logo.png","width":600,"height":60}},"image":{"@type":"ImageObject","@id":"https:\/\/www.koeko.cz\/wp-content\/uploads\/schodi%C5%A1t%C4%9B_8.jpg","url":"https:\/\/www.koeko.cz\/wp-content\/uploads\/schodi%C5%A1t%C4%9B_8.jpg","height":0,"width":0},"keywords":null}]}